{"id":2553,"date":"2017-01-19T16:40:57","date_gmt":"2017-01-19T15:40:57","guid":{"rendered":"https:\/\/ichs2020poznan.pl\/pl\/?p=2553"},"modified":"2019-12-16T10:46:06","modified_gmt":"2019-12-16T09:46:06","slug":"iv-kongres-w-londynie-2-2-2-2","status":"publish","type":"post","link":"https:\/\/ichs2020poznan.pl\/pl\/iv-kongres-w-londynie-2-2-2-2\/","title":{"rendered":"IX MI\u0118DZYNARODOWY KONGRES NAUK HISTORYCZNYCH PARY\u017b 1950"},"content":{"rendered":"<p>W kwietniu 1948 roku Mi\u0119dzynarodowy Komitet Nauk Historycznych (ICHS) zdecydowa\u0142, \u017ce nale\u017cy kontynuowa\u0107 przedwojenn\u0105 tradycj\u0119 organizowania mi\u0119dzynarodowych spotka\u0144 historyk\u00f3w. Na miejsce IX Kongresu, pierwszego po zako\u0144czeniu II wojny \u015bwiatowej, wybrano Pary\u017c. Ci\u0119\u017car organizacji wzi\u0105\u0142 na siebie Francuski Komitet Nauk Historycznych, kt\u00f3ry zapewni\u0142, \u017ce zajmie si\u0119 r\u00f3wnie\u017c kwestiami logistycznymi, w tym zapewnieniem nocleg\u00f3w dla wszystkich uczestnik\u00f3w oraz zni\u017cki na przejazdy poci\u0105gami na terenie Francji. Najbardziej zaanga\u017cowanymi w organizacj\u0119 Kongresu francuskimi historykami byli Robert Fawtier i Michel Fran\u00e7ois.<br \/>\nZe wzgl\u0119du na fakt, \u017ce podczas wcze\u015bniejszych kongres\u00f3w wiele sekcji obradowa\u0142o w tym samym czasie , zapowiedziano inn\u0105 formu\u0142\u0119 wyst\u0105pie\u0144 . Zak\u0142adano uzgodnienie i rozes\u0142anie listy temat\u00f3w, kt\u00f3re chciano poruszy\u0107 podczas Kongresu. Przede wszystkim jednak zdecydowano, \u017ce w ramach ka\u017cdej sekcji zostanie przygotowany przez specjalist\u0119 w danej dziedzinie wiod\u0105cy referat, kt\u00f3ry nast\u0119pnie zostanie rozes\u0142any do uczestnik\u00f3w, co mia\u0142o im umo\u017cliwi\u0107 zapoznanie si\u0119 z tekstem jeszcze przed Kongresem.<br \/>\nKongres w Pary\u017cu odbywa\u0142 si\u0119 od 28 sierpnia do 3 wrze\u015bnia 1950 roku , w budynku UNESCO. Przybyli przedstawiciele wszystkich dziedzin historycznych z 30 kraj\u00f3w, w liczbie niemal 1400. Rano obradowano w siedmiu sekcjach (antropologia i demografia, historia idei, historia gospodarcza, historia spo\u0142eczna, historia cywilizacji, historia polityczna, historia instytucji), dyskutuj\u0105c nad wspomnianymi wy\u017cej referatami wiod\u0105cymi, kt\u00f3re opublikowano w formie ksi\u0105\u017cki.<br \/>\nJednym z temat\u00f3w obrad by\u0142o zastosowanie demografii badaniach historycznych, co okaza\u0142o si\u0119 zagadnieniem szeroko i d\u0142ugo dyskutowanym. Zapis tej dyskusji zosta\u0142 opublikowany wraz z referatami z sesji popo\u0142udniowych, kt\u00f3re obradowa\u0142y w spos\u00f3b \u2013 rzec by mo\u017cna \u2013 tradycyjny (wyst\u0105pienia nie by\u0142y wcze\u015bniej publikowane). Warunkiem by\u0142a w tym wypadku odpowiednia atrakcyjno\u015b\u0107 temat\u00f3w (mia\u0142y budzi\u0107 zainteresowanie wszystkich uczestnik\u00f3w i pobudza\u0107 do por\u00f3wnawczych dyskusji).<br \/>\nPo zako\u0144czonym Kongresie Michel Fran\u00e7ois na \u0142amach \u201eBiblioth\u00e8que de l&#8217;\u00c9cole des chartes\u201d zadawa\u0142 sobie i innym pytania, kt\u00f3re przewija\u0142y si\u0119 r\u00f3wnie\u017c podczas spotkania w Pary\u017cu \u2013 a wi\u0119c o zasadno\u015b\u0107 organizacji tak du\u017cych spotka\u0144 i o regu\u0142y jakie powinny na nich obowi\u0105zywa\u0107. Uwa\u017ca\u0142, \u017ce przy nast\u0119pnych kongresach konieczne by\u0142oby wy\u0142onienie kluczowych zagadnie\u0144, kt\u00f3re powinni nast\u0119pnie opracowa\u0107 wybitni specjali\u015bci. Na ich wyst\u0105pienia powinna by\u0107 przewidziana rozs\u0105dna ilo\u015b\u0107 czasu, a organizatorzy powinni zapewni\u0107 mo\u017cliwo\u015b\u0107 udzia\u0142u w dyskusji zainteresowanym historykom. Referaty powinny by\u0107 wcze\u015bniej dost\u0119pne, tak, aby dyskusja by\u0142a dobrze przygotowana i tym samym bardziej owocna . Uwa\u017ca\u0142 tak\u017ce, \u017ce w przypadku referat\u00f3w podzia\u0142 na sekcje si\u0119 zdezaktualizowa\u0142 i powinno si\u0119 go zast\u0105pi\u0107 raczej doborem atrakcyjnych temat\u00f3w. <\/p>\n<p><strong>Bibliografia:<\/strong><\/p>\n<li>IXe Congr\u00e8s International des Sciences Historiques, \u201eBiblioth\u00e8que de l&#8217;\u00c9cole des chartes\u201d, nr 107-1, 1948, s. 98-100<\/li>\n<li>IXe Congr\u00e8s international des sciences historiques Paris, 28 ao\u00fbt &#8211; 3 septembre 1950. I. Rapports, Paris 1950<\/li>\n<li>IXe Congr\u00e8s International des Sciences Historiques, Paris, 28 ao\u00fbt &#8211; 3 septembre 1950. II. Actes, Paris 1950<\/li>\n<li>J. Bourdon, La d\u00e9mographie au Congr\u00e8s International des Sciences Historiques, \u201ePopulation\u201d, nr 5-4, 1950, s. 755-756<\/li>\n<li>M. Fran\u00e7ois, Le IXe Congr\u00e8s International des Sciences Historiques, \u201eBiblioth\u00e8que de l&#8217;\u00c9cole des chartes\u201d, nr 109-2, 1951, s. 300-303<\/li>\n<p><strong>Magdalena Heruday-Kie\u0142czewska<\/strong><br \/>\n<\/p>","protected":false},"excerpt":{"rendered":"<p>W kwietniu 1948 roku Mi\u0119dzynarodowy Komitet Nauk Historycznych (ICHS) zdecydowa\u0142, \u017ce nale\u017cy kontynuowa\u0107 przedwojenn\u0105 tradycj\u0119 organizowania mi\u0119dzynarodowych spotka\u0144 historyk\u00f3w. Na miejsce IX Kongresu, pierwszego po zako\u0144czeniu II wojny \u015bwiatowej, wybrano Pary\u017c. Ci\u0119\u017car organizacji wzi\u0105\u0142 na siebie Francuski Komitet Nauk Historycznych, kt\u00f3ry zapewni\u0142, \u017ce zajmie si\u0119 r\u00f3wnie\u017c kwestiami logistycznymi, w tym zapewnieniem nocleg\u00f3w dla wszystkich uczestnik\u00f3w oraz zni\u017cki na przejazdy poci\u0105gami na terenie Francji. Najbardziej zaanga\u017cowanymi w organizacj\u0119 Kongresu francuskimi historykami byli Robert Fawtier i Michel Fran\u00e7ois. Ze wzgl\u0119du na fakt, \u017ce podczas wcze\u015bniejszych kongres\u00f3w wiele sekcji obradowa\u0142o w tym samym czasie , zapowiedziano inn\u0105 formu\u0142\u0119 wyst\u0105pie\u0144 . Zak\u0142adano uzgodnienie i rozes\u0142anie listy temat\u00f3w, kt\u00f3re chciano poruszy\u0107 podczas Kongresu. Przede wszystkim jednak zdecydowano, \u017ce w ramach ka\u017cdej sekcji zostanie przygotowany przez specjalist\u0119 w danej dziedzinie wiod\u0105cy referat, kt\u00f3ry nast\u0119pnie zostanie rozes\u0142any do uczestnik\u00f3w, co mia\u0142o im umo\u017cliwi\u0107 zapoznanie si\u0119 z tekstem jeszcze przed Kongresem. Kongres w Pary\u017cu odbywa\u0142 si\u0119 od 28 sierpnia do 3 wrze\u015bnia 1950 roku , w budynku UNESCO. Przybyli przedstawiciele wszystkich dziedzin historycznych z 30 kraj\u00f3w, w liczbie niemal 1400. Rano obradowano w siedmiu sekcjach (antropologia i demografia, historia idei, historia gospodarcza, historia spo\u0142eczna, historia cywilizacji, historia polityczna, historia instytucji), dyskutuj\u0105c nad wspomnianymi wy\u017cej referatami wiod\u0105cymi, kt\u00f3re opublikowano w formie ksi\u0105\u017cki. Jednym z temat\u00f3w obrad by\u0142o zastosowanie demografii badaniach historycznych, co okaza\u0142o si\u0119 zagadnieniem szeroko i d\u0142ugo dyskutowanym. Zapis tej dyskusji zosta\u0142 opublikowany wraz z referatami z sesji popo\u0142udniowych, kt\u00f3re obradowa\u0142y w spos\u00f3b \u2013 rzec by mo\u017cna \u2013 tradycyjny (wyst\u0105pienia nie by\u0142y wcze\u015bniej publikowane). Warunkiem by\u0142a w tym wypadku odpowiednia atrakcyjno\u015b\u0107 temat\u00f3w (mia\u0142y budzi\u0107 zainteresowanie wszystkich uczestnik\u00f3w i pobudza\u0107 do por\u00f3wnawczych dyskusji). Po zako\u0144czonym Kongresie Michel Fran\u00e7ois na \u0142amach \u201eBiblioth\u00e8que de l&#8217;\u00c9cole des chartes\u201d zadawa\u0142 sobie i innym pytania, kt\u00f3re przewija\u0142y si\u0119 r\u00f3wnie\u017c podczas spotkania w Pary\u017cu \u2013 a wi\u0119c o zasadno\u015b\u0107 organizacji tak du\u017cych spotka\u0144 i o regu\u0142y jakie powinny na nich obowi\u0105zywa\u0107. Uwa\u017ca\u0142, \u017ce przy nast\u0119pnych kongresach konieczne by\u0142oby wy\u0142onienie kluczowych zagadnie\u0144, kt\u00f3re powinni nast\u0119pnie opracowa\u0107 wybitni specjali\u015bci. Na ich wyst\u0105pienia powinna by\u0107 przewidziana rozs\u0105dna ilo\u015b\u0107 czasu, a organizatorzy powinni zapewni\u0107 mo\u017cliwo\u015b\u0107 udzia\u0142u w dyskusji zainteresowanym historykom. Referaty powinny by\u0107 wcze\u015bniej dost\u0119pne, tak, aby dyskusja by\u0142a dobrze przygotowana i tym samym bardziej owocna . Uwa\u017ca\u0142 tak\u017ce, \u017ce w przypadku referat\u00f3w podzia\u0142 na sekcje si\u0119 zdezaktualizowa\u0142 i powinno si\u0119 go zast\u0105pi\u0107 raczej doborem atrakcyjnych temat\u00f3w. Bibliografia: IXe Congr\u00e8s International des Sciences Historiques, \u201eBiblioth\u00e8que de l&#8217;\u00c9cole des chartes\u201d, nr 107-1, 1948, s. 98-100 IXe Congr\u00e8s international des sciences historiques Paris, 28 ao\u00fbt &#8211; 3 septembre 1950. I. Rapports, Paris 1950 IXe Congr\u00e8s International des Sciences Historiques, Paris, 28 ao\u00fbt &#8211; 3 septembre 1950. II. Actes, Paris 1950 J. Bourdon, La d\u00e9mographie au Congr\u00e8s International des Sciences Historiques, \u201ePopulation\u201d, nr 5-4, 1950, s. 755-756 M. Fran\u00e7ois, Le IXe Congr\u00e8s International des Sciences Historiques, \u201eBiblioth\u00e8que de l&#8217;\u00c9cole des chartes\u201d, nr 109-2, 1951, s. 300-303 Magdalena Heruday-Kie\u0142czewska<\/p>\n","protected":false},"author":4,"featured_media":0,"comment_status":"closed","ping_status":"closed","sticky":false,"template":"","format":"standard","meta":[],"categories":[34],"tags":[],"_links":{"self":[{"href":"https:\/\/ichs2020poznan.pl\/pl\/wp-json\/wp\/v2\/posts\/2553"}],"collection":[{"href":"https:\/\/ichs2020poznan.pl\/pl\/wp-json\/wp\/v2\/posts"}],"about":[{"href":"https:\/\/ichs2020poznan.pl\/pl\/wp-json\/wp\/v2\/types\/post"}],"author":[{"embeddable":true,"href":"https:\/\/ichs2020poznan.pl\/pl\/wp-json\/wp\/v2\/users\/4"}],"replies":[{"embeddable":true,"href":"https:\/\/ichs2020poznan.pl\/pl\/wp-json\/wp\/v2\/comments?post=2553"}],"version-history":[{"count":7,"href":"https:\/\/ichs2020poznan.pl\/pl\/wp-json\/wp\/v2\/posts\/2553\/revisions"}],"predecessor-version":[{"id":4229,"href":"https:\/\/ichs2020poznan.pl\/pl\/wp-json\/wp\/v2\/posts\/2553\/revisions\/4229"}],"wp:attachment":[{"href":"https:\/\/ichs2020poznan.pl\/pl\/wp-json\/wp\/v2\/media?parent=2553"}],"wp:term":[{"taxonomy":"category","embeddable":true,"href":"https:\/\/ichs2020poznan.pl\/pl\/wp-json\/wp\/v2\/categories?post=2553"},{"taxonomy":"post_tag","embeddable":true,"href":"https:\/\/ichs2020poznan.pl\/pl\/wp-json\/wp\/v2\/tags?post=2553"}],"curies":[{"name":"wp","href":"https:\/\/api.w.org\/{rel}","templated":true}]}}