{"id":2546,"date":"2017-01-19T15:59:04","date_gmt":"2017-01-19T14:59:04","guid":{"rendered":"https:\/\/ichs2020poznan.pl\/pl\/?p=2546"},"modified":"2019-10-15T17:06:01","modified_gmt":"2019-10-15T15:06:01","slug":"iv-kongres-w-londynie-2","status":"publish","type":"post","link":"https:\/\/ichs2020poznan.pl\/pl\/iv-kongres-w-londynie-2\/","title":{"rendered":"V MI\u0118DZYNARODOWY KONGRES NAUK HISTORYCZNYCH BRUKSELA 1923"},"content":{"rendered":"<p>\u201cObviously a Congress to be held in Brussels could not be organized on the same basis of inclusion as those which have been held before the war&#8230;\u201d<br \/>\n(Waldo G. Leland, The International Congress of Historical Sciences, held at Brussels, \u201cAmerican Historical Review\u201d 28, 1923, s. 639).<\/p>\n<p>Jak stwierdzi\u0142 ameryka\u0144ski historyk W.G. Lelanda, pierwszy powojenny Mi\u0119dzynarodowy Kongres Nauk Historycznych nie m\u00f3g\u0142 by\u0107 niczym innym ni\u017c Kongresem pok\u0142osia wojny. Odby\u0142 si\u0119 on w Brukseli w 1923 r. w czasie \u015awi\u0105t Wielkanocnych (8-15 kwietnia). Stolica Belgii jako miejsce Kongresu zosta\u0142a zasugerowana przez British Royal Society zamiast Moskwy w ho\u0142dzie Belgii, kt\u00f3ra opar\u0142a si\u0119 wojskom niemieckim i wiele wycierpia\u0142a podczas pierwszej wojny \u015bwiatowej.<br \/>\nNie wys\u0142ano zaprosze\u0144 do akademii i uniwersytet\u00f3w pa\u0144stw centralnych, dlatego w Kongresie nie uczestniczy\u0142 \u017caden historyk austriacki i niemiecki. W wyniku oficjalnego bojkotu austriackich i niemieckich nauk historycznych, historycy z kraj\u00f3w neutralnych podczas wojny &#8211; Danii i Szwecji &#8211; tak\u017ce odm\u00f3wili udzia\u0142u w pierwszym powojennym Kongresie.<br \/>\nNiemniej jednak Kongres oceniono jako udany. Sk\u0142ada\u0142o si\u0119 na niego 13 sekcji dotycz\u0105cych r\u00f3\u017cnych epok i dziedzin historii, w tym sekcja Documentation sur l\u2019histoire du monde pendant la guerre. Zaprezentowano ponad 350 referat\u00f3w, a udzia\u0142 w Kongresie wzi\u0119\u0142o oko\u0142o 700 uczonych z 23 kraj\u00f3w (315 z Belgii, 178 z Francji, 140 z Imperium Brytyjskiego, 28 z USA, 25 z W\u0142och, 24 z Holandii, 22 z Polski, 17 z Hiszpania, 10 ze Szwajcarii, inne kraje mia\u0142y mniej ni\u017c 10 przedstawicieli).<br \/>\nOpr\u00f3cz dzia\u0142alno\u015bci naukowej Kongres by\u0142 okazj\u0105 do spotka\u0144 towarzyskich: historycy i ich wsp\u00f3\u0142ma\u0142\u017conkowie byli zapraszani na przyj\u0119cia i kolacje \u2013 wymagany by\u0142 \u00abtoilette de soir\u00e9e\u00bb (str\u00f3j wieczorowy), w Palais des Academies, gdzie odbywa\u0142 si\u0119 Kongres, otwarto salon de conversation, zorganizowano r\u00f3wnie\u017c wycieczki, wydrukowano specjaln\u0105 broszur\u0119 z szczeg\u00f3\u0142owym programem.<br \/>\nWyk\u0142ad inauguracyjny na Kongresie pt. De la m\u00e9thode comparative en histoire wyg\u0142osi\u0142 znany belgijski mediewista Henri Pirenne. By\u0142 to nowatorski tekst na temat metodologii historii i mi\u0119dzynarodowej wsp\u00f3\u0142pracy historyk\u00f3w. Pot\u0119piaj\u0105c odwo\u0142ywanie si\u0119 do rasy jako czynnika wyja\u015bniaj\u0105cego zjawiska historyczne, Pirenne stwierdzi\u0142, \u017ce indywidualno\u015b\u0107 narodowa powinna by\u0107 badana w spos\u00f3b por\u00f3wnawczy, innymi s\u0142owy, \u017ce historia narod\u00f3w powinna by\u0107 badana w odniesieniu do historii ludzko\u015bci. Te zasady leg\u0142y u podstaw projektu czasopisma \u201cRevue internationale d\u2019histoire universelle et compar\u00e9e\u201d opracowanego przez Mi\u0119dzynarodowy Komitet Nauk Historycznych (ICHS).<br \/>\nTo w\u0142a\u015bnie w Brukseli z inicjatywy przedstawicieli American Historical Association zrodzi\u0142 si\u0119 te\u017c pomys\u0142 stworzenia sta\u0142ego Mi\u0119dzynarodowego Komitetu Nauk Historycznych. Mi\u0119dzynarodowe Biuro Kongresu w Brukseli odpowiada\u0142o za opracowanie statut\u00f3w i cel\u00f3w. Zosta\u0142y one om\u00f3wione w maju 1924 r. w Brukseli na spotkaniu Biura zwo\u0142anym przez jego przewodnicz\u0105cego, Pirenne&#8217;a. W 1926 r. na konferencji w Genewie, w kt\u00f3rej uczestniczyli przedstawiciele wszystkich kraj\u00f3w bior\u0105cych udzia\u0142 w poprzednich mi\u0119dzynarodowych kongresach \u2013 w tym w Niemiec i Austrii \u2013 przyj\u0119to ostateczne statuty i wybrano pierwszych przedstawicieli ICHS.<br \/>\nPodsumowuj\u0105c, chocia\u017c Mi\u0119dzynarodowy Kongres Nauk Historycznych w Brukseli w 1923 r. by\u0142 nadal naznaczony niech\u0119ci\u0105 do Niemiec, kt\u00f3re uznano za odpowiedzialne za I wojn\u0119 \u015bwiatow\u0105, stanowi\u0142 r\u00f3wnie\u017c kamie\u0144 milowy we wsp\u00f3\u0142pracy mi\u0119dzynarodowej mi\u0119dzy historykami przy tworzeniu ICHS.<\/p>\n<p><strong>Bibliografia<\/strong><\/p>\n<ul>\n<li>G. Des Marez &amp; F.-L. Ganshof, Compte rendu du Ve Congr\u00e8s international des sciences historiques, Bruxelles 1923, Bruxelles, M. Weissenbruch, imprimeur du Roi, 1923.<\/li>\n<li>Waldo G. Leland, \u201cThe International Congress of Historical Sciences, Held at Brussels\u201d, The American Historical Review, 28\/4, 1923, 639-655.<\/li>\n<\/ul>\n<p><strong>Genevi\u00e8ve Warland<\/strong><br \/>\n<\/p>","protected":false},"excerpt":{"rendered":"<p>\u201cObviously a Congress to be held in Brussels could not be organized on the same basis of inclusion as those which have been held before the war&#8230;\u201d (Waldo G. Leland, The International Congress of Historical Sciences, held at Brussels, \u201cAmerican Historical Review\u201d 28, 1923, s. 639). Jak stwierdzi\u0142 ameryka\u0144ski historyk W.G. Lelanda, pierwszy powojenny Mi\u0119dzynarodowy Kongres Nauk Historycznych nie m\u00f3g\u0142 by\u0107 niczym innym ni\u017c Kongresem pok\u0142osia wojny. Odby\u0142 si\u0119 on w Brukseli w 1923 r. w czasie \u015awi\u0105t Wielkanocnych (8-15 kwietnia). Stolica Belgii jako miejsce Kongresu zosta\u0142a zasugerowana przez British Royal Society zamiast Moskwy w ho\u0142dzie Belgii, kt\u00f3ra opar\u0142a si\u0119 wojskom niemieckim i wiele wycierpia\u0142a podczas pierwszej wojny \u015bwiatowej. Nie wys\u0142ano zaprosze\u0144 do akademii i uniwersytet\u00f3w pa\u0144stw centralnych, dlatego w Kongresie nie uczestniczy\u0142 \u017caden historyk austriacki i niemiecki. W wyniku oficjalnego bojkotu austriackich i niemieckich nauk historycznych, historycy z kraj\u00f3w neutralnych podczas wojny &#8211; Danii i Szwecji &#8211; tak\u017ce odm\u00f3wili udzia\u0142u w pierwszym powojennym Kongresie. Niemniej jednak Kongres oceniono jako udany. Sk\u0142ada\u0142o si\u0119 na niego 13 sekcji dotycz\u0105cych r\u00f3\u017cnych epok i dziedzin historii, w tym sekcja Documentation sur l\u2019histoire du monde pendant la guerre. Zaprezentowano ponad 350 referat\u00f3w, a udzia\u0142 w Kongresie wzi\u0119\u0142o oko\u0142o 700 uczonych z 23 kraj\u00f3w (315 z Belgii, 178 z Francji, 140 z Imperium Brytyjskiego, 28 z USA, 25 z W\u0142och, 24 z Holandii, 22 z Polski, 17 z Hiszpania, 10 ze Szwajcarii, inne kraje mia\u0142y mniej ni\u017c 10 przedstawicieli). Opr\u00f3cz dzia\u0142alno\u015bci naukowej Kongres by\u0142 okazj\u0105 do spotka\u0144 towarzyskich: historycy i ich wsp\u00f3\u0142ma\u0142\u017conkowie byli zapraszani na przyj\u0119cia i kolacje \u2013 wymagany by\u0142 \u00abtoilette de soir\u00e9e\u00bb (str\u00f3j wieczorowy), w Palais des Academies, gdzie odbywa\u0142 si\u0119 Kongres, otwarto salon de conversation, zorganizowano r\u00f3wnie\u017c wycieczki, wydrukowano specjaln\u0105 broszur\u0119 z szczeg\u00f3\u0142owym programem. Wyk\u0142ad inauguracyjny na Kongresie pt. De la m\u00e9thode comparative en histoire wyg\u0142osi\u0142 znany belgijski mediewista Henri Pirenne. By\u0142 to nowatorski tekst na temat metodologii historii i mi\u0119dzynarodowej wsp\u00f3\u0142pracy historyk\u00f3w. Pot\u0119piaj\u0105c odwo\u0142ywanie si\u0119 do rasy jako czynnika wyja\u015bniaj\u0105cego zjawiska historyczne, Pirenne stwierdzi\u0142, \u017ce indywidualno\u015b\u0107 narodowa powinna by\u0107 badana w spos\u00f3b por\u00f3wnawczy, innymi s\u0142owy, \u017ce historia narod\u00f3w powinna by\u0107 badana w odniesieniu do historii ludzko\u015bci. Te zasady leg\u0142y u podstaw projektu czasopisma \u201cRevue internationale d\u2019histoire universelle et compar\u00e9e\u201d opracowanego przez Mi\u0119dzynarodowy Komitet Nauk Historycznych (ICHS). To w\u0142a\u015bnie w Brukseli z inicjatywy przedstawicieli American Historical Association zrodzi\u0142 si\u0119 te\u017c pomys\u0142 stworzenia sta\u0142ego Mi\u0119dzynarodowego Komitetu Nauk Historycznych. Mi\u0119dzynarodowe Biuro Kongresu w Brukseli odpowiada\u0142o za opracowanie statut\u00f3w i cel\u00f3w. Zosta\u0142y one om\u00f3wione w maju 1924 r. w Brukseli na spotkaniu Biura zwo\u0142anym przez jego przewodnicz\u0105cego, Pirenne&#8217;a. W 1926 r. na konferencji w Genewie, w kt\u00f3rej uczestniczyli przedstawiciele wszystkich kraj\u00f3w bior\u0105cych udzia\u0142 w poprzednich mi\u0119dzynarodowych kongresach \u2013 w tym w Niemiec i Austrii \u2013 przyj\u0119to ostateczne statuty i wybrano pierwszych przedstawicieli ICHS. Podsumowuj\u0105c, chocia\u017c Mi\u0119dzynarodowy Kongres Nauk Historycznych w Brukseli w 1923 r. by\u0142 nadal naznaczony niech\u0119ci\u0105 do Niemiec, kt\u00f3re uznano za odpowiedzialne za I wojn\u0119 \u015bwiatow\u0105, stanowi\u0142 r\u00f3wnie\u017c kamie\u0144 milowy we wsp\u00f3\u0142pracy mi\u0119dzynarodowej mi\u0119dzy historykami przy tworzeniu ICHS. Bibliografia G. Des Marez &amp; F.-L. Ganshof, Compte rendu du Ve Congr\u00e8s international des sciences historiques, Bruxelles 1923, Bruxelles, M. Weissenbruch, imprimeur du Roi, 1923. Waldo G. Leland, \u201cThe International Congress of Historical Sciences, Held at Brussels\u201d, The American Historical Review, 28\/4, 1923, 639-655. Genevi\u00e8ve Warland<\/p>\n","protected":false},"author":4,"featured_media":0,"comment_status":"closed","ping_status":"closed","sticky":false,"template":"","format":"standard","meta":[],"categories":[34],"tags":[],"_links":{"self":[{"href":"https:\/\/ichs2020poznan.pl\/pl\/wp-json\/wp\/v2\/posts\/2546"}],"collection":[{"href":"https:\/\/ichs2020poznan.pl\/pl\/wp-json\/wp\/v2\/posts"}],"about":[{"href":"https:\/\/ichs2020poznan.pl\/pl\/wp-json\/wp\/v2\/types\/post"}],"author":[{"embeddable":true,"href":"https:\/\/ichs2020poznan.pl\/pl\/wp-json\/wp\/v2\/users\/4"}],"replies":[{"embeddable":true,"href":"https:\/\/ichs2020poznan.pl\/pl\/wp-json\/wp\/v2\/comments?post=2546"}],"version-history":[{"count":9,"href":"https:\/\/ichs2020poznan.pl\/pl\/wp-json\/wp\/v2\/posts\/2546\/revisions"}],"predecessor-version":[{"id":3707,"href":"https:\/\/ichs2020poznan.pl\/pl\/wp-json\/wp\/v2\/posts\/2546\/revisions\/3707"}],"wp:attachment":[{"href":"https:\/\/ichs2020poznan.pl\/pl\/wp-json\/wp\/v2\/media?parent=2546"}],"wp:term":[{"taxonomy":"category","embeddable":true,"href":"https:\/\/ichs2020poznan.pl\/pl\/wp-json\/wp\/v2\/categories?post=2546"},{"taxonomy":"post_tag","embeddable":true,"href":"https:\/\/ichs2020poznan.pl\/pl\/wp-json\/wp\/v2\/tags?post=2546"}],"curies":[{"name":"wp","href":"https:\/\/api.w.org\/{rel}","templated":true}]}}